{"id":11064,"date":"2024-06-05T13:12:09","date_gmt":"2024-06-05T16:12:09","guid":{"rendered":"https:\/\/www.hipartsoficial.com.br\/?p=11064"},"modified":"2025-05-20T14:16:55","modified_gmt":"2025-05-20T17:16:55","slug":"blog-dia-do-meio-ambiente","status":"publish","type":"post","link":"https:\/\/www.hipartsoficial.com.br\/pt\/blog-dia-do-meio-ambiente\/","title":{"rendered":"Dia do Meio Ambiente: HiParts e EuReciclo"},"content":{"rendered":"\n<p>Neste <strong>Dia Municipal do Meio Ambiente<\/strong> e <strong>Dia Nacional da Reciclagem,<\/strong> celebramos a nossa parceria com a <a href=\"https:\/\/www.eureciclo.com.br\/\">EuReciclo<\/a>, que est\u00e1 firmada desde 2018. Em um momento em que a conscientiza\u00e7\u00e3o ambiental est\u00e1 em destaque, essa colabora\u00e7\u00e3o ganha ainda mais import\u00e2ncia. Como empresa comprometida com pr\u00e1ticas sustent\u00e1veis, <strong>estamos empenhados em n\u00e3o apenas oferecer produtos de qualidade, mas tamb\u00e9m em cuidar do planeta que todos compartilhamos.<\/strong><\/p>\n\n\n\n<figure class=\"wp-block-image size-full\"><img fetchpriority=\"high\" decoding=\"async\" width=\"920\" height=\"720\" src=\"https:\/\/www.hipartsoficial.com.br\/wp-content\/uploads\/2024\/05\/image-1.png\" alt=\"\" class=\"wp-image-11065\" srcset=\"https:\/\/www.hipartsoficial.com.br\/wp-content\/uploads\/2024\/05\/image-1.png 920w, https:\/\/www.hipartsoficial.com.br\/wp-content\/uploads\/2024\/05\/image-1-300x235.png 300w, https:\/\/www.hipartsoficial.com.br\/wp-content\/uploads\/2024\/05\/image-1-768x601.png 768w, https:\/\/www.hipartsoficial.com.br\/wp-content\/uploads\/2024\/05\/image-1-600x470.png 600w\" sizes=\"(max-width: 920px) 100vw, 920px\" \/><\/figure>\n\n\n\n<p>A EuReciclo \u00e9 uma organiza\u00e7\u00e3o renomada que se dedica a promover a economia circular por meio da compensa\u00e7\u00e3o ambiental. <strong>Uma das principais iniciativas dessa parceria \u00e9 a compensa\u00e7\u00e3o de 100% do descarte das embalagens utilizadas em nossos produtos.<\/strong><\/p>\n\n\n\n<p>Em outras palavras, toda vez que voc\u00ea adquire um produto <a href=\"https:\/\/www.hipartsoficial.com.br\/\">HiParts<\/a>, est\u00e1 contribuindo para a preserva\u00e7\u00e3o do meio ambiente. <strong>As embalagens que protegem nossos produtos durante o transporte n\u00e3o s\u00e3o uma preocupa\u00e7\u00e3o ambiental.<\/strong> Gra\u00e7as \u00e0 EuReciclo, estamos compensando integralmente o impacto ambiental dessas embalagens.<\/p>\n\n\n\n<p>Agora, falando sobre a import\u00e2ncia dessa parceria, n\u00e3o podemos subestimar seu significado. Vivemos em um momento crucial em que a <strong>conscientiza\u00e7\u00e3o ambiental e a a\u00e7\u00e3o sustent\u00e1vel s\u00e3o essenciais para preservar nosso planeta para as gera\u00e7\u00f5es futuras.<\/strong> Como empresa, \u00e9 nossa responsabilidade liderar pelo exemplo e adotar pr\u00e1ticas que minimizem nosso impacto no meio ambiente.<\/p>\n\n\n\n<p>Al\u00e9m disso, essa parceria n\u00e3o apenas nos permite cumprir nossos compromissos ambientais, mas tamb\u00e9m <strong>fortalece nossa conex\u00e3o com voc\u00ea<\/strong>, nosso cliente. Sabemos que cada vez mais pessoas est\u00e3o buscando empresas que compartilhem de seus valores e preocupa\u00e7\u00f5es ambientais.<\/p>\n\n\n\n<figure class=\"wp-block-image alignleft size-full is-resized\"><img decoding=\"async\" width=\"500\" height=\"342\" src=\"https:\/\/www.hipartsoficial.com.br\/wp-content\/uploads\/2024\/05\/image-2.png\" alt=\"\" class=\"wp-image-11066\" style=\"width:347px;height:auto\" srcset=\"https:\/\/www.hipartsoficial.com.br\/wp-content\/uploads\/2024\/05\/image-2.png 500w, https:\/\/www.hipartsoficial.com.br\/wp-content\/uploads\/2024\/05\/image-2-300x205.png 300w\" sizes=\"(max-width: 500px) 100vw, 500px\" \/><\/figure>\n\n\n\n<p>A parceria entre <a href=\"https:\/\/www.instagram.com\/hipartsoficial\/\">HiParts<\/a> e EuReciclo \u00e9 mais do que uma simples colabora\u00e7\u00e3o. \u00c9 um compromisso conjunto com a sustentabilidade e a preserva\u00e7\u00e3o do meio ambiente.<strong> Estamos orgulhosos de fazer parte desse movimento e convidamos voc\u00ea a se juntar a n\u00f3s nessa jornada rumo a um futuro mais verde e sustent\u00e1vel.<\/strong><\/p>\n","protected":false},"excerpt":{"rendered":"<p>Neste Dia Municipal do Meio Ambiente e Dia Nacional da Reciclagem, celebramos a nossa parceria com a EuReciclo, que est\u00e1 firmada desde 2018. Em um momento em que a conscientiza\u00e7\u00e3o ambiental est\u00e1 em destaque, essa colabora\u00e7\u00e3o ganha ainda mais import\u00e2ncia. Como empresa comprometida com pr\u00e1ticas sustent\u00e1veis, estamos empenhados em n\u00e3o apenas oferecer produtos de qualidade, [&hellip;]<\/p>\n","protected":false},"author":6,"featured_media":11078,"comment_status":"open","ping_status":"open","sticky":false,"template":"","format":"standard","meta":{"_acf_changed":false,"_eb_attr":"","_joinchat":[],"footnotes":""},"categories":[250],"tags":[290,258,260,254,259],"class_list":["post-11064","post","type-post","status-publish","format-standard","has-post-thumbnail","hentry","category-tudo-sobre-a-hiparts","tag-blogpost","tag-diadomeioambiente","tag-eureciclo","tag-hiparts","tag-reciclagem"],"acf":[],"yoast_head":"<!-- This site is optimized with the Yoast SEO plugin v27.2 - https:\/\/yoast.com\/product\/yoast-seo-wordpress\/ -->\n<title>Dia do Meio Ambiente: HiParts e EuReciclo - HiParts.<\/title>\n<meta name=\"description\" content=\"Neste Dia do Meio Ambiente, celebramos a nossa parceria com a EuReciclo, que est\u00e1 firmada desde 2018. Clique e saiba mais!\" \/>\n<meta name=\"robots\" content=\"index, follow, max-snippet:-1, max-image-preview:large, max-video-preview:-1\" \/>\n<link rel=\"canonical\" href=\"https:\/\/www.hipartsoficial.com.br\/pt\/blog-dia-do-meio-ambiente\/\" \/>\n<meta property=\"og:locale\" content=\"pt_BR\" \/>\n<meta property=\"og:type\" content=\"article\" \/>\n<meta property=\"og:title\" content=\"Dia do Meio Ambiente: HiParts e EuReciclo - HiParts.\" \/>\n<meta property=\"og:description\" content=\"Neste Dia do Meio Ambiente, celebramos a nossa parceria com a EuReciclo, que est\u00e1 firmada desde 2018. Clique e saiba mais!\" \/>\n<meta property=\"og:url\" content=\"https:\/\/www.hipartsoficial.com.br\/pt\/blog-dia-do-meio-ambiente\/\" \/>\n<meta property=\"og:site_name\" content=\"HiParts.\" \/>\n<meta property=\"article:published_time\" content=\"2024-06-05T16:12:09+00:00\" \/>\n<meta property=\"article:modified_time\" content=\"2025-05-20T17:16:55+00:00\" \/>\n<meta property=\"og:image\" content=\"https:\/\/www.hipartsoficial.com.br\/wp-content\/uploads\/2024\/05\/ARTE-CAPA-BLOG-Dia-do-Meio-Ambiente-.png\" \/>\n\t<meta property=\"og:image:width\" content=\"1024\" \/>\n\t<meta property=\"og:image:height\" content=\"586\" \/>\n\t<meta property=\"og:image:type\" content=\"image\/png\" \/>\n<meta name=\"author\" content=\"Redator HiParts\" \/>\n<meta name=\"twitter:card\" content=\"summary_large_image\" \/>\n<meta name=\"twitter:label1\" content=\"Escrito por\" \/>\n\t<meta name=\"twitter:data1\" content=\"Redator HiParts\" \/>\n\t<meta name=\"twitter:label2\" content=\"Est. tempo de leitura\" \/>\n\t<meta name=\"twitter:data2\" content=\"3 minutos\" \/>\n<script type=\"application\/ld+json\" class=\"yoast-schema-graph\">{\"@context\":\"https:\/\/schema.org\",\"@graph\":[{\"@type\":\"Article\",\"@id\":\"https:\/\/www.hipartsoficial.com.br\/blog-dia-do-meio-ambiente\/#article\",\"isPartOf\":{\"@id\":\"https:\/\/www.hipartsoficial.com.br\/blog-dia-do-meio-ambiente\/\"},\"author\":{\"name\":\"Redator HiParts\",\"@id\":\"https:\/\/www.hipartsoficial.com.br\/#\/schema\/person\/950529556902d5306d29e7028c7f2533\"},\"headline\":\"Dia do Meio Ambiente: HiParts e EuReciclo\",\"datePublished\":\"2024-06-05T16:12:09+00:00\",\"dateModified\":\"2025-05-20T17:16:55+00:00\",\"mainEntityOfPage\":{\"@id\":\"https:\/\/www.hipartsoficial.com.br\/blog-dia-do-meio-ambiente\/\"},\"wordCount\":321,\"commentCount\":0,\"image\":{\"@id\":\"https:\/\/www.hipartsoficial.com.br\/blog-dia-do-meio-ambiente\/#primaryimage\"},\"thumbnailUrl\":\"https:\/\/www.hipartsoficial.com.br\/wp-content\/uploads\/2024\/05\/ARTE-CAPA-BLOG-Dia-do-Meio-Ambiente-.png\",\"keywords\":[\"#blogpost\",\"#DiaDoMeioAmbiente\",\"EuReciclo\",\"HiParts\",\"Reciclagem\"],\"articleSection\":[\"Tudo sobre a HiParts\"],\"inLanguage\":\"pt-BR\",\"potentialAction\":[{\"@type\":\"CommentAction\",\"name\":\"Comment\",\"target\":[\"https:\/\/www.hipartsoficial.com.br\/blog-dia-do-meio-ambiente\/#respond\"]}]},{\"@type\":\"WebPage\",\"@id\":\"https:\/\/www.hipartsoficial.com.br\/blog-dia-do-meio-ambiente\/\",\"url\":\"https:\/\/www.hipartsoficial.com.br\/blog-dia-do-meio-ambiente\/\",\"name\":\"Dia do Meio Ambiente: HiParts e EuReciclo - HiParts.\",\"isPartOf\":{\"@id\":\"https:\/\/www.hipartsoficial.com.br\/#website\"},\"primaryImageOfPage\":{\"@id\":\"https:\/\/www.hipartsoficial.com.br\/blog-dia-do-meio-ambiente\/#primaryimage\"},\"image\":{\"@id\":\"https:\/\/www.hipartsoficial.com.br\/blog-dia-do-meio-ambiente\/#primaryimage\"},\"thumbnailUrl\":\"https:\/\/www.hipartsoficial.com.br\/wp-content\/uploads\/2024\/05\/ARTE-CAPA-BLOG-Dia-do-Meio-Ambiente-.png\",\"datePublished\":\"2024-06-05T16:12:09+00:00\",\"dateModified\":\"2025-05-20T17:16:55+00:00\",\"author\":{\"@id\":\"https:\/\/www.hipartsoficial.com.br\/#\/schema\/person\/950529556902d5306d29e7028c7f2533\"},\"description\":\"Neste Dia do Meio Ambiente, celebramos a nossa parceria com a EuReciclo, que est\u00e1 firmada desde 2018. Clique e saiba mais!\",\"breadcrumb\":{\"@id\":\"https:\/\/www.hipartsoficial.com.br\/blog-dia-do-meio-ambiente\/#breadcrumb\"},\"inLanguage\":\"pt-BR\",\"potentialAction\":[{\"@type\":\"ReadAction\",\"target\":[\"https:\/\/www.hipartsoficial.com.br\/blog-dia-do-meio-ambiente\/\"]}]},{\"@type\":\"ImageObject\",\"inLanguage\":\"pt-BR\",\"@id\":\"https:\/\/www.hipartsoficial.com.br\/blog-dia-do-meio-ambiente\/#primaryimage\",\"url\":\"https:\/\/www.hipartsoficial.com.br\/wp-content\/uploads\/2024\/05\/ARTE-CAPA-BLOG-Dia-do-Meio-Ambiente-.png\",\"contentUrl\":\"https:\/\/www.hipartsoficial.com.br\/wp-content\/uploads\/2024\/05\/ARTE-CAPA-BLOG-Dia-do-Meio-Ambiente-.png\",\"width\":1024,\"height\":586,\"caption\":\"DIA DO MEIO AMBIENTE - HIPARTS\"},{\"@type\":\"BreadcrumbList\",\"@id\":\"https:\/\/www.hipartsoficial.com.br\/blog-dia-do-meio-ambiente\/#breadcrumb\",\"itemListElement\":[{\"@type\":\"ListItem\",\"position\":1,\"name\":\"In\u00edcio\",\"item\":\"https:\/\/www.hipartsoficial.com.br\/pt\/\"},{\"@type\":\"ListItem\",\"position\":2,\"name\":\"Dia do Meio Ambiente: HiParts e EuReciclo\"}]},{\"@type\":\"WebSite\",\"@id\":\"https:\/\/www.hipartsoficial.com.br\/#website\",\"url\":\"https:\/\/www.hipartsoficial.com.br\/\",\"name\":\"HiParts.\",\"description\":\"\",\"potentialAction\":[{\"@type\":\"SearchAction\",\"target\":{\"@type\":\"EntryPoint\",\"urlTemplate\":\"https:\/\/www.hipartsoficial.com.br\/?s={search_term_string}\"},\"query-input\":{\"@type\":\"PropertyValueSpecification\",\"valueRequired\":true,\"valueName\":\"search_term_string\"}}],\"inLanguage\":\"pt-BR\"},{\"@type\":\"Person\",\"@id\":\"https:\/\/www.hipartsoficial.com.br\/#\/schema\/person\/950529556902d5306d29e7028c7f2533\",\"name\":\"Redator HiParts\",\"image\":{\"@type\":\"ImageObject\",\"inLanguage\":\"pt-BR\",\"@id\":\"https:\/\/secure.gravatar.com\/avatar\/9e76db5d344f01cd4bafcf1cf14cbd9fe8af2471b6347abd6014d79b57720a10?s=96&d=mm&r=g\",\"url\":\"https:\/\/secure.gravatar.com\/avatar\/9e76db5d344f01cd4bafcf1cf14cbd9fe8af2471b6347abd6014d79b57720a10?s=96&d=mm&r=g\",\"contentUrl\":\"https:\/\/secure.gravatar.com\/avatar\/9e76db5d344f01cd4bafcf1cf14cbd9fe8af2471b6347abd6014d79b57720a10?s=96&d=mm&r=g\",\"caption\":\"Redator HiParts\"},\"description\":\"Redator HiParts \u00e9 um profissional altamente qualificado e experiente na produ\u00e7\u00e3o de conte\u00fado especializado para a HiParts, empresa especializada em pe\u00e7as para pick-ups e vans desde 1994.\",\"url\":\"https:\/\/www.hipartsoficial.com.br\/pt\/author\/laura\/\"}]}<\/script>\n<!-- \/ Yoast SEO plugin. -->","yoast_head_json":{"title":"Dia do Meio Ambiente: HiParts e EuReciclo - HiParts.","description":"Neste Dia do Meio Ambiente, celebramos a nossa parceria com a EuReciclo, que est\u00e1 firmada desde 2018. Clique e saiba mais!","robots":{"index":"index","follow":"follow","max-snippet":"max-snippet:-1","max-image-preview":"max-image-preview:large","max-video-preview":"max-video-preview:-1"},"canonical":"https:\/\/www.hipartsoficial.com.br\/pt\/blog-dia-do-meio-ambiente\/","og_locale":"pt_BR","og_type":"article","og_title":"Dia do Meio Ambiente: HiParts e EuReciclo - HiParts.","og_description":"Neste Dia do Meio Ambiente, celebramos a nossa parceria com a EuReciclo, que est\u00e1 firmada desde 2018. Clique e saiba mais!","og_url":"https:\/\/www.hipartsoficial.com.br\/pt\/blog-dia-do-meio-ambiente\/","og_site_name":"HiParts.","article_published_time":"2024-06-05T16:12:09+00:00","article_modified_time":"2025-05-20T17:16:55+00:00","og_image":[{"width":1024,"height":586,"url":"https:\/\/www.hipartsoficial.com.br\/wp-content\/uploads\/2024\/05\/ARTE-CAPA-BLOG-Dia-do-Meio-Ambiente-.png","type":"image\/png"}],"author":"Redator HiParts","twitter_card":"summary_large_image","twitter_misc":{"Escrito por":"Redator HiParts","Est. tempo de leitura":"3 minutos"},"schema":{"@context":"https:\/\/schema.org","@graph":[{"@type":"Article","@id":"https:\/\/www.hipartsoficial.com.br\/blog-dia-do-meio-ambiente\/#article","isPartOf":{"@id":"https:\/\/www.hipartsoficial.com.br\/blog-dia-do-meio-ambiente\/"},"author":{"name":"Redator HiParts","@id":"https:\/\/www.hipartsoficial.com.br\/#\/schema\/person\/950529556902d5306d29e7028c7f2533"},"headline":"Dia do Meio Ambiente: HiParts e EuReciclo","datePublished":"2024-06-05T16:12:09+00:00","dateModified":"2025-05-20T17:16:55+00:00","mainEntityOfPage":{"@id":"https:\/\/www.hipartsoficial.com.br\/blog-dia-do-meio-ambiente\/"},"wordCount":321,"commentCount":0,"image":{"@id":"https:\/\/www.hipartsoficial.com.br\/blog-dia-do-meio-ambiente\/#primaryimage"},"thumbnailUrl":"https:\/\/www.hipartsoficial.com.br\/wp-content\/uploads\/2024\/05\/ARTE-CAPA-BLOG-Dia-do-Meio-Ambiente-.png","keywords":["#blogpost","#DiaDoMeioAmbiente","EuReciclo","HiParts","Reciclagem"],"articleSection":["Tudo sobre a HiParts"],"inLanguage":"pt-BR","potentialAction":[{"@type":"CommentAction","name":"Comment","target":["https:\/\/www.hipartsoficial.com.br\/blog-dia-do-meio-ambiente\/#respond"]}]},{"@type":"WebPage","@id":"https:\/\/www.hipartsoficial.com.br\/blog-dia-do-meio-ambiente\/","url":"https:\/\/www.hipartsoficial.com.br\/blog-dia-do-meio-ambiente\/","name":"Dia do Meio Ambiente: HiParts e EuReciclo - HiParts.","isPartOf":{"@id":"https:\/\/www.hipartsoficial.com.br\/#website"},"primaryImageOfPage":{"@id":"https:\/\/www.hipartsoficial.com.br\/blog-dia-do-meio-ambiente\/#primaryimage"},"image":{"@id":"https:\/\/www.hipartsoficial.com.br\/blog-dia-do-meio-ambiente\/#primaryimage"},"thumbnailUrl":"https:\/\/www.hipartsoficial.com.br\/wp-content\/uploads\/2024\/05\/ARTE-CAPA-BLOG-Dia-do-Meio-Ambiente-.png","datePublished":"2024-06-05T16:12:09+00:00","dateModified":"2025-05-20T17:16:55+00:00","author":{"@id":"https:\/\/www.hipartsoficial.com.br\/#\/schema\/person\/950529556902d5306d29e7028c7f2533"},"description":"Neste Dia do Meio Ambiente, celebramos a nossa parceria com a EuReciclo, que est\u00e1 firmada desde 2018. Clique e saiba mais!","breadcrumb":{"@id":"https:\/\/www.hipartsoficial.com.br\/blog-dia-do-meio-ambiente\/#breadcrumb"},"inLanguage":"pt-BR","potentialAction":[{"@type":"ReadAction","target":["https:\/\/www.hipartsoficial.com.br\/blog-dia-do-meio-ambiente\/"]}]},{"@type":"ImageObject","inLanguage":"pt-BR","@id":"https:\/\/www.hipartsoficial.com.br\/blog-dia-do-meio-ambiente\/#primaryimage","url":"https:\/\/www.hipartsoficial.com.br\/wp-content\/uploads\/2024\/05\/ARTE-CAPA-BLOG-Dia-do-Meio-Ambiente-.png","contentUrl":"https:\/\/www.hipartsoficial.com.br\/wp-content\/uploads\/2024\/05\/ARTE-CAPA-BLOG-Dia-do-Meio-Ambiente-.png","width":1024,"height":586,"caption":"DIA DO MEIO AMBIENTE - HIPARTS"},{"@type":"BreadcrumbList","@id":"https:\/\/www.hipartsoficial.com.br\/blog-dia-do-meio-ambiente\/#breadcrumb","itemListElement":[{"@type":"ListItem","position":1,"name":"In\u00edcio","item":"https:\/\/www.hipartsoficial.com.br\/pt\/"},{"@type":"ListItem","position":2,"name":"Dia do Meio Ambiente: HiParts e EuReciclo"}]},{"@type":"WebSite","@id":"https:\/\/www.hipartsoficial.com.br\/#website","url":"https:\/\/www.hipartsoficial.com.br\/","name":"HiParts.","description":"","potentialAction":[{"@type":"SearchAction","target":{"@type":"EntryPoint","urlTemplate":"https:\/\/www.hipartsoficial.com.br\/?s={search_term_string}"},"query-input":{"@type":"PropertyValueSpecification","valueRequired":true,"valueName":"search_term_string"}}],"inLanguage":"pt-BR"},{"@type":"Person","@id":"https:\/\/www.hipartsoficial.com.br\/#\/schema\/person\/950529556902d5306d29e7028c7f2533","name":"Redator HiParts","image":{"@type":"ImageObject","inLanguage":"pt-BR","@id":"https:\/\/secure.gravatar.com\/avatar\/9e76db5d344f01cd4bafcf1cf14cbd9fe8af2471b6347abd6014d79b57720a10?s=96&d=mm&r=g","url":"https:\/\/secure.gravatar.com\/avatar\/9e76db5d344f01cd4bafcf1cf14cbd9fe8af2471b6347abd6014d79b57720a10?s=96&d=mm&r=g","contentUrl":"https:\/\/secure.gravatar.com\/avatar\/9e76db5d344f01cd4bafcf1cf14cbd9fe8af2471b6347abd6014d79b57720a10?s=96&d=mm&r=g","caption":"Redator HiParts"},"description":"Redator HiParts \u00e9 um profissional altamente qualificado e experiente na produ\u00e7\u00e3o de conte\u00fado especializado para a HiParts, empresa especializada em pe\u00e7as para pick-ups e vans desde 1994.","url":"https:\/\/www.hipartsoficial.com.br\/pt\/author\/laura\/"}]}},"_links":{"self":[{"href":"https:\/\/www.hipartsoficial.com.br\/pt\/wp-json\/wp\/v2\/posts\/11064","targetHints":{"allow":["GET"]}}],"collection":[{"href":"https:\/\/www.hipartsoficial.com.br\/pt\/wp-json\/wp\/v2\/posts"}],"about":[{"href":"https:\/\/www.hipartsoficial.com.br\/pt\/wp-json\/wp\/v2\/types\/post"}],"author":[{"embeddable":true,"href":"https:\/\/www.hipartsoficial.com.br\/pt\/wp-json\/wp\/v2\/users\/6"}],"replies":[{"embeddable":true,"href":"https:\/\/www.hipartsoficial.com.br\/pt\/wp-json\/wp\/v2\/comments?post=11064"}],"version-history":[{"count":0,"href":"https:\/\/www.hipartsoficial.com.br\/pt\/wp-json\/wp\/v2\/posts\/11064\/revisions"}],"wp:featuredmedia":[{"embeddable":true,"href":"https:\/\/www.hipartsoficial.com.br\/pt\/wp-json\/wp\/v2\/media\/11078"}],"wp:attachment":[{"href":"https:\/\/www.hipartsoficial.com.br\/pt\/wp-json\/wp\/v2\/media?parent=11064"}],"wp:term":[{"taxonomy":"category","embeddable":true,"href":"https:\/\/www.hipartsoficial.com.br\/pt\/wp-json\/wp\/v2\/categories?post=11064"},{"taxonomy":"post_tag","embeddable":true,"href":"https:\/\/www.hipartsoficial.com.br\/pt\/wp-json\/wp\/v2\/tags?post=11064"}],"curies":[{"name":"wp","href":"https:\/\/api.w.org\/{rel}","templated":true}]}}